{"id":134,"date":"2018-04-19T11:20:41","date_gmt":"2018-04-19T09:20:41","guid":{"rendered":"http:\/\/www.europedirect-lodz.pl\/?p=134"},"modified":"2021-01-25T10:53:09","modified_gmt":"2021-01-25T09:53:09","slug":"zapraszamy-na-warsztaty-dla-przedsiebiorcow","status":"publish","type":"post","link":"https:\/\/www.europedirect-lodz.pl\/?p=134","title":{"rendered":"Zapraszamy na warsztaty dla przedsi\u0119biorc\u00f3w"},"content":{"rendered":"<p>Ju\u017c w najbli\u017cszy weekend wszystkich przedsi\u0119biorc\u00f3w z regionu \u0141odzi i okolic zapraszamy na warsztaty. Porozmawiamy o mo\u017cliwo\u015bciach jakie daje im Unia Europejska oraz o tym jak mo\u017cna rozszerzy\u0107 swoj\u0105 dzia\u0142alno\u015b\u0107 na inne kraje.<\/p>\n<p>Zach\u0119camy do zapis\u00f3w telefonicznych i mailowych.<\/p>\n<p>Liczba miejsc jest ograniczona.<\/p>\n<p>Obraz Gino Crescoli z Pixabay<\/p>\n","protected":false},"excerpt":{"rendered":"<p>Ju\u017c w najbli\u017cszy weekend wszystkich przedsi\u0119biorc\u00f3w z regionu \u0141odzi i okolic zapraszamy na warsztaty. Porozmawiamy o mo\u017cliwo\u015bciach jakie daje im Unia Europejska oraz o tym jak mo\u017cna rozszerzy\u0107 swoj\u0105 dzia\u0142alno\u015b\u0107 na inne kraje. Zach\u0119camy do zapis\u00f3w telefonicznych i mailowych. Liczba miejsc jest ograniczona. Obraz Gino Crescoli z Pixabay<\/p>\n","protected":false},"author":1,"featured_media":1018,"comment_status":"open","ping_status":"open","sticky":false,"template":"","format":"standard","meta":{"footnotes":""},"categories":[1],"tags":[],"_links":{"self":[{"href":"https:\/\/www.europedirect-lodz.pl\/index.php?rest_route=\/wp\/v2\/posts\/134"}],"collection":[{"href":"https:\/\/www.europedirect-lodz.pl\/index.php?rest_route=\/wp\/v2\/posts"}],"about":[{"href":"https:\/\/www.europedirect-lodz.pl\/index.php?rest_route=\/wp\/v2\/types\/post"}],"author":[{"embeddable":true,"href":"https:\/\/www.europedirect-lodz.pl\/index.php?rest_route=\/wp\/v2\/users\/1"}],"replies":[{"embeddable":true,"href":"https:\/\/www.europedirect-lodz.pl\/index.php?rest_route=%2Fwp%2Fv2%2Fcomments&post=134"}],"version-history":[{"count":2,"href":"https:\/\/www.europedirect-lodz.pl\/index.php?rest_route=\/wp\/v2\/posts\/134\/revisions"}],"predecessor-version":[{"id":1040,"href":"https:\/\/www.europedirect-lodz.pl\/index.php?rest_route=\/wp\/v2\/posts\/134\/revisions\/1040"}],"wp:featuredmedia":[{"embeddable":true,"href":"https:\/\/www.europedirect-lodz.pl\/index.php?rest_route=\/wp\/v2\/media\/1018"}],"wp:attachment":[{"href":"https:\/\/www.europedirect-lodz.pl\/index.php?rest_route=%2Fwp%2Fv2%2Fmedia&parent=134"}],"wp:term":[{"taxonomy":"category","embeddable":true,"href":"https:\/\/www.europedirect-lodz.pl\/index.php?rest_route=%2Fwp%2Fv2%2Fcategories&post=134"},{"taxonomy":"post_tag","embeddable":true,"href":"https:\/\/www.europedirect-lodz.pl\/index.php?rest_route=%2Fwp%2Fv2%2Ftags&post=134"}],"curies":[{"name":"wp","href":"https:\/\/api.w.org\/{rel}","templated":true}]}}