{"id":1519,"date":"2023-02-24T10:58:47","date_gmt":"2023-02-24T09:58:47","guid":{"rendered":"http:\/\/www.europedirect-lodz.pl\/?p=1519"},"modified":"2023-02-24T10:58:47","modified_gmt":"2023-02-24T09:58:47","slug":"24-02-2023","status":"publish","type":"post","link":"https:\/\/www.europedirect-lodz.pl\/?p=1519","title":{"rendered":"24.02.2023"},"content":{"rendered":"<div class=\"x11i5rnm xat24cr x1mh8g0r x1vvkbs xdj266r x126k92a\">\n<div dir=\"auto\">Rok temu prawdopodobnie wi\u0119kszo\u015b\u0107, przeszy\u0142 strach i rozpacz. Do Europy zn\u00f3w zapuka\u0142a wojna &#8211; krwawa i brutalna. Wiele \u0142odzian pami\u0119ta poci\u0105gi pe\u0142ne przestraszonych ludzi, przybywaj\u0105ce na dworzec \u0141\u00f3d\u017a Fabryczna&#8230;<\/div>\n<\/div>\n<div class=\"x11i5rnm xat24cr x1mh8g0r x1vvkbs xtlvy1s x126k92a\">\n<div dir=\"auto\"><\/div>\n<div dir=\"auto\">Po roku, pr\u00f3cz b\u00f3lu, mamy tak\u017ce nadziej\u0119. Postawa Ukrai\u0144c\u00f3w, Polak\u00f3w, jak i innych obywateli demokratycznego \u015bwiata przypomnia\u0142a nam o tym czym s\u0105 solidarno\u015b\u0107, patriotyzm i odwaga. Dzi\u0119ki zjednoczeniu pa\u0144stw Unii, jak i ca\u0142ego zachodu, a tak\u017ce przede wszystkim dzi\u0119ki heroizmowi ukrai\u0144skich \u017co\u0142nierzy, jest nadzieja.<\/div>\n<\/div>\n<div class=\"x11i5rnm xat24cr x1mh8g0r x1vvkbs xtlvy1s x126k92a\">\n<div dir=\"auto\">Ukrai\u0144scy uchod\u017acy znale\u017ali bezpieczne schronienie mi\u0119dzy innymi w \u0141odzi, jak i innych miastach Unii. Otworzyli\u015bmy nasze domy i serca. Do Ukrainy p\u0142ynie nieprzerwana pomoc. Ukrai\u0144skie spo\u0142ecze\u0144stwo pokaza\u0142o jak bardzo jest dla nich wa\u017cne, by przynale\u017ce\u0107 do wolnego, demokratycznego \u015bwiata, by do\u0142\u0105czy\u0107 do UE.<\/div>\n<\/div>\n<div class=\"x11i5rnm xat24cr x1mh8g0r x1vvkbs xtlvy1s x126k92a\">\n<div dir=\"auto\">Ukraina obroni\u0142a Kij\u00f3w, dokona\u0142a skutecznej kontrofensywy pod Charkowem i Chersoniem. B\u0119dziemy z Ukrain\u0105, a\u017c do zwyci\u0119stwa!<\/div>\n<\/div>\n<p><a href=\"https:\/\/www.europedirect-lodz.pl\/wp-content\/uploads\/2023\/02\/Projekt-bez-tytu\u0142u9.jpg\"><img loading=\"lazy\" decoding=\"async\" class=\"aligncenter size-full wp-image-1520\" src=\"https:\/\/www.europedirect-lodz.pl\/wp-content\/uploads\/2023\/02\/Projekt-bez-tytu\u0142u9.jpg\" alt=\"\" width=\"940\" height=\"788\" srcset=\"https:\/\/www.europedirect-lodz.pl\/wp-content\/uploads\/2023\/02\/Projekt-bez-tytu\u0142u9.jpg 940w, https:\/\/www.europedirect-lodz.pl\/wp-content\/uploads\/2023\/02\/Projekt-bez-tytu\u0142u9-500x419.jpg 500w, https:\/\/www.europedirect-lodz.pl\/wp-content\/uploads\/2023\/02\/Projekt-bez-tytu\u0142u9-768x644.jpg 768w\" sizes=\"(max-width: 940px) 100vw, 940px\" \/><\/a><\/p>\n<div dir=\"auto\"><\/div>\n","protected":false},"excerpt":{"rendered":"<p>Rok temu prawdopodobnie wi\u0119kszo\u015b\u0107, przeszy\u0142 strach i rozpacz. Do Europy zn\u00f3w zapuka\u0142a wojna &#8211; krwawa i brutalna. Wiele \u0142odzian pami\u0119ta poci\u0105gi pe\u0142ne przestraszonych ludzi, przybywaj\u0105ce na dworzec \u0141\u00f3d\u017a Fabryczna&#8230; Po roku, pr\u00f3cz b\u00f3lu, mamy tak\u017ce nadziej\u0119. Postawa Ukrai\u0144c\u00f3w, Polak\u00f3w, jak i innych obywateli demokratycznego \u015bwiata przypomnia\u0142a nam o tym czym s\u0105 solidarno\u015b\u0107, patriotyzm i odwaga. [&hellip;]<\/p>\n","protected":false},"author":1,"featured_media":0,"comment_status":"open","ping_status":"open","sticky":false,"template":"","format":"standard","meta":{"footnotes":""},"categories":[1],"tags":[],"_links":{"self":[{"href":"https:\/\/www.europedirect-lodz.pl\/index.php?rest_route=\/wp\/v2\/posts\/1519"}],"collection":[{"href":"https:\/\/www.europedirect-lodz.pl\/index.php?rest_route=\/wp\/v2\/posts"}],"about":[{"href":"https:\/\/www.europedirect-lodz.pl\/index.php?rest_route=\/wp\/v2\/types\/post"}],"author":[{"embeddable":true,"href":"https:\/\/www.europedirect-lodz.pl\/index.php?rest_route=\/wp\/v2\/users\/1"}],"replies":[{"embeddable":true,"href":"https:\/\/www.europedirect-lodz.pl\/index.php?rest_route=%2Fwp%2Fv2%2Fcomments&post=1519"}],"version-history":[{"count":1,"href":"https:\/\/www.europedirect-lodz.pl\/index.php?rest_route=\/wp\/v2\/posts\/1519\/revisions"}],"predecessor-version":[{"id":1521,"href":"https:\/\/www.europedirect-lodz.pl\/index.php?rest_route=\/wp\/v2\/posts\/1519\/revisions\/1521"}],"wp:attachment":[{"href":"https:\/\/www.europedirect-lodz.pl\/index.php?rest_route=%2Fwp%2Fv2%2Fmedia&parent=1519"}],"wp:term":[{"taxonomy":"category","embeddable":true,"href":"https:\/\/www.europedirect-lodz.pl\/index.php?rest_route=%2Fwp%2Fv2%2Fcategories&post=1519"},{"taxonomy":"post_tag","embeddable":true,"href":"https:\/\/www.europedirect-lodz.pl\/index.php?rest_route=%2Fwp%2Fv2%2Ftags&post=1519"}],"curies":[{"name":"wp","href":"https:\/\/api.w.org\/{rel}","templated":true}]}}