{"id":156,"date":"2018-04-30T09:34:55","date_gmt":"2018-04-30T07:34:55","guid":{"rendered":"http:\/\/www.europedirect-lodz.pl\/?p=156"},"modified":"2021-08-30T10:45:29","modified_gmt":"2021-08-30T08:45:29","slug":"zamkniecie-biura","status":"publish","type":"post","link":"https:\/\/www.europedirect-lodz.pl\/?p=156","title":{"rendered":"Zamkni\u0119cie biura"},"content":{"rendered":"<p>Informujemy, \u017ce w dniu 2 maja oraz 4 maja biuro Europe Direct b\u0119dzie zamkni\u0119te.<\/p>\n<p>Zapraszamy po maj\u00f3wce:)<\/p>\n<p>Obraz Ryan McGuire z Pixabay<\/p>\n<p>&nbsp;<\/p>\n","protected":false},"excerpt":{"rendered":"<p>Informujemy, \u017ce w dniu 2 maja oraz 4 maja biuro Europe Direct b\u0119dzie zamkni\u0119te. Zapraszamy po maj\u00f3wce:) Obraz Ryan McGuire z Pixabay &nbsp;<\/p>\n","protected":false},"author":1,"featured_media":1015,"comment_status":"open","ping_status":"open","sticky":false,"template":"","format":"standard","meta":{"footnotes":""},"categories":[1],"tags":[],"_links":{"self":[{"href":"https:\/\/www.europedirect-lodz.pl\/index.php?rest_route=\/wp\/v2\/posts\/156"}],"collection":[{"href":"https:\/\/www.europedirect-lodz.pl\/index.php?rest_route=\/wp\/v2\/posts"}],"about":[{"href":"https:\/\/www.europedirect-lodz.pl\/index.php?rest_route=\/wp\/v2\/types\/post"}],"author":[{"embeddable":true,"href":"https:\/\/www.europedirect-lodz.pl\/index.php?rest_route=\/wp\/v2\/users\/1"}],"replies":[{"embeddable":true,"href":"https:\/\/www.europedirect-lodz.pl\/index.php?rest_route=%2Fwp%2Fv2%2Fcomments&post=156"}],"version-history":[{"count":3,"href":"https:\/\/www.europedirect-lodz.pl\/index.php?rest_route=\/wp\/v2\/posts\/156\/revisions"}],"predecessor-version":[{"id":1268,"href":"https:\/\/www.europedirect-lodz.pl\/index.php?rest_route=\/wp\/v2\/posts\/156\/revisions\/1268"}],"wp:featuredmedia":[{"embeddable":true,"href":"https:\/\/www.europedirect-lodz.pl\/index.php?rest_route=\/wp\/v2\/media\/1015"}],"wp:attachment":[{"href":"https:\/\/www.europedirect-lodz.pl\/index.php?rest_route=%2Fwp%2Fv2%2Fmedia&parent=156"}],"wp:term":[{"taxonomy":"category","embeddable":true,"href":"https:\/\/www.europedirect-lodz.pl\/index.php?rest_route=%2Fwp%2Fv2%2Fcategories&post=156"},{"taxonomy":"post_tag","embeddable":true,"href":"https:\/\/www.europedirect-lodz.pl\/index.php?rest_route=%2Fwp%2Fv2%2Ftags&post=156"}],"curies":[{"name":"wp","href":"https:\/\/api.w.org\/{rel}","templated":true}]}}