{"id":1611,"date":"2024-01-10T09:50:17","date_gmt":"2024-01-10T08:50:17","guid":{"rendered":"https:\/\/www.europedirect-lodz.pl\/?p=1611"},"modified":"2024-01-10T09:50:17","modified_gmt":"2024-01-10T08:50:17","slug":"prezydencja-belgii-w-radzie-ue","status":"publish","type":"post","link":"https:\/\/www.europedirect-lodz.pl\/?p=1611","title":{"rendered":"Prezydencja Belgii w radzie UE"},"content":{"rendered":"\n<p>\u201eChroni\u0107. Wzmacnia\u0107. Przygotowywa\u0107\u201d &#8211; wraz z pocz\u0105tkiem stycznia rozpocz\u0119\u0142a si\u0119 p\u00f3\u0142roczna belgijska prezydencja w radzie UE <img loading=\"lazy\" decoding=\"async\" height=\"16\" width=\"16\" alt=\"\ud83c\udde7\ud83c\uddea\" src=\"https:\/\/static.xx.fbcdn.net\/images\/emoji.php\/v9\/t2d\/1.5\/16\/1f1e7_1f1ea.png\"><\/p>\n\n\n\n<p>,,Belgia przejmuje prezydencj\u0119 w trudnym czasie. To zaszczyt, ale i odpowiedzialno\u015b\u0107. Unia Europejska nigdy nie rozwija\u0142a si\u0119 r\u00f3wnomiernie. Najwi\u0119kszy post\u0119p cz\u0119sto mia\u0142 miejsce w najtrudniejszych chwilach.&#8221; &#8211; Premier Belgii Alexander De Croo<\/p>\n\n\n\n<figure class=\"wp-block-image size-full\"><img loading=\"lazy\" decoding=\"async\" width=\"800\" height=\"418\" src=\"https:\/\/www.europedirect-lodz.pl\/wp-content\/uploads\/2024\/01\/416103794_747904607365446_2183048705027949907_n.jpg\" alt=\"\" class=\"wp-image-1612\" srcset=\"https:\/\/www.europedirect-lodz.pl\/wp-content\/uploads\/2024\/01\/416103794_747904607365446_2183048705027949907_n.jpg 800w, https:\/\/www.europedirect-lodz.pl\/wp-content\/uploads\/2024\/01\/416103794_747904607365446_2183048705027949907_n-500x261.jpg 500w, https:\/\/www.europedirect-lodz.pl\/wp-content\/uploads\/2024\/01\/416103794_747904607365446_2183048705027949907_n-768x401.jpg 768w\" sizes=\"(max-width: 800px) 100vw, 800px\" \/><\/figure>\n","protected":false},"excerpt":{"rendered":"<p>\u201eChroni\u0107. Wzmacnia\u0107. Przygotowywa\u0107\u201d &#8211; wraz z pocz\u0105tkiem stycznia rozpocz\u0119\u0142a si\u0119 p\u00f3\u0142roczna belgijska prezydencja w radzie UE ,,Belgia przejmuje prezydencj\u0119 w trudnym czasie. To zaszczyt, ale i odpowiedzialno\u015b\u0107. Unia Europejska nigdy nie rozwija\u0142a si\u0119 r\u00f3wnomiernie. Najwi\u0119kszy post\u0119p cz\u0119sto mia\u0142 miejsce w najtrudniejszych chwilach.&#8221; &#8211; Premier Belgii Alexander De Croo<\/p>\n","protected":false},"author":1,"featured_media":0,"comment_status":"open","ping_status":"open","sticky":false,"template":"","format":"standard","meta":{"footnotes":""},"categories":[1],"tags":[],"_links":{"self":[{"href":"https:\/\/www.europedirect-lodz.pl\/index.php?rest_route=\/wp\/v2\/posts\/1611"}],"collection":[{"href":"https:\/\/www.europedirect-lodz.pl\/index.php?rest_route=\/wp\/v2\/posts"}],"about":[{"href":"https:\/\/www.europedirect-lodz.pl\/index.php?rest_route=\/wp\/v2\/types\/post"}],"author":[{"embeddable":true,"href":"https:\/\/www.europedirect-lodz.pl\/index.php?rest_route=\/wp\/v2\/users\/1"}],"replies":[{"embeddable":true,"href":"https:\/\/www.europedirect-lodz.pl\/index.php?rest_route=%2Fwp%2Fv2%2Fcomments&post=1611"}],"version-history":[{"count":1,"href":"https:\/\/www.europedirect-lodz.pl\/index.php?rest_route=\/wp\/v2\/posts\/1611\/revisions"}],"predecessor-version":[{"id":1613,"href":"https:\/\/www.europedirect-lodz.pl\/index.php?rest_route=\/wp\/v2\/posts\/1611\/revisions\/1613"}],"wp:attachment":[{"href":"https:\/\/www.europedirect-lodz.pl\/index.php?rest_route=%2Fwp%2Fv2%2Fmedia&parent=1611"}],"wp:term":[{"taxonomy":"category","embeddable":true,"href":"https:\/\/www.europedirect-lodz.pl\/index.php?rest_route=%2Fwp%2Fv2%2Fcategories&post=1611"},{"taxonomy":"post_tag","embeddable":true,"href":"https:\/\/www.europedirect-lodz.pl\/index.php?rest_route=%2Fwp%2Fv2%2Ftags&post=1611"}],"curies":[{"name":"wp","href":"https:\/\/api.w.org\/{rel}","templated":true}]}}