{"id":1630,"date":"2024-02-13T15:56:32","date_gmt":"2024-02-13T14:56:32","guid":{"rendered":"https:\/\/www.europedirect-lodz.pl\/?p=1630"},"modified":"2024-02-13T15:56:57","modified_gmt":"2024-02-13T14:56:57","slug":"zgloszenia-do-debaty-oksfordzkiej","status":"publish","type":"post","link":"https:\/\/www.europedirect-lodz.pl\/?p=1630","title":{"rendered":"Zg\u0142oszenia do debaty oksfordzkiej"},"content":{"rendered":"\n<p>Zapraszamy 4-osobowe dru\u017cyny uczni\u00f3w szk\u00f3\u0142 ponadpodstawowych wraz z opiekunami do zg\u0142oszenia si\u0119 do udzia\u0142u w debacie oksfordzkiej &#8222;G\u0142osuj\u0119=decyduj\u0119&#8221;.<\/p>\n\n\n\n<p>Teza <strong>\u201eTw\u00f3j g\u0142os ma wp\u0142yw na przysz\u0142o\u015b\u0107 Unii Europejskiej\u201d<\/strong>.<\/p>\n\n\n\n<p>Termin 5 marca 2024, godzina 13.00.<\/p>\n\n\n\n<p>Miejsce Fabryka Aktywno\u015bci Miejskiej w \u0141odzi, ulica Tuwima 10.<\/p>\n\n\n\n<p>Nagroda &#8211; wizyta w Europa Experience w Warszawie.<\/p>\n\n\n\n<p>Poni\u017cej za\u0142\u0105czniki niezb\u0119dne do uzupe\u0142nienia oraz regulamin.<\/p>\n\n\n\n<p>Zg\u0142oszenia dru\u017cyn prosimy przesy\u0142a\u0107 do 29 lutego na adres europedirectlodz@newtechlodz.com<\/p>\n\n\n\n<div data-wp-interactive=\"\" class=\"wp-block-file\"><object data-wp-bind--hidden=\"!selectors.core.file.hasPdfPreview\" hidden class=\"wp-block-file__embed\" data=\"https:\/\/www.europedirect-lodz.pl\/wp-content\/uploads\/2024\/02\/Regulamin-turnieju-debaty-2.pdf\" type=\"application\/pdf\" style=\"width:100%;height:600px\" aria-label=\"Osadzone z Regulamin-turnieju-debaty-2.\"><\/object><a id=\"wp-block-file--media-daf2094a-fe9e-4f6f-a92f-fd879caef3c2\" href=\"https:\/\/www.europedirect-lodz.pl\/wp-content\/uploads\/2024\/02\/Regulamin-turnieju-debaty-2.pdf\">Regulamin-turnieju-debaty-2<\/a><a href=\"https:\/\/www.europedirect-lodz.pl\/wp-content\/uploads\/2024\/02\/Regulamin-turnieju-debaty-2.pdf\" class=\"wp-block-file__button wp-element-button\" download aria-describedby=\"wp-block-file--media-daf2094a-fe9e-4f6f-a92f-fd879caef3c2\">Pobierz<\/a><\/div>\n\n\n\n<div data-wp-interactive=\"\" class=\"wp-block-file\"><object data-wp-bind--hidden=\"!selectors.core.file.hasPdfPreview\" hidden class=\"wp-block-file__embed\" data=\"https:\/\/www.europedirect-lodz.pl\/wp-content\/uploads\/2024\/02\/Zalacznik-1-Zgloszenie-druzyny-2.pdf\" type=\"application\/pdf\" style=\"width:100%;height:600px\" aria-label=\"Osadzone z Zalacznik-1-Zgloszenie-druzyny-2.\"><\/object><a id=\"wp-block-file--media-869b76ba-b760-4655-bf9e-73307fdb45fb\" href=\"https:\/\/www.europedirect-lodz.pl\/wp-content\/uploads\/2024\/02\/Zalacznik-1-Zgloszenie-druzyny-2.pdf\">Zalacznik-1-Zgloszenie-druzyny-2<\/a><a href=\"https:\/\/www.europedirect-lodz.pl\/wp-content\/uploads\/2024\/02\/Zalacznik-1-Zgloszenie-druzyny-2.pdf\" class=\"wp-block-file__button wp-element-button\" download aria-describedby=\"wp-block-file--media-869b76ba-b760-4655-bf9e-73307fdb45fb\">Pobierz<\/a><\/div>\n\n\n\n<div data-wp-interactive=\"\" class=\"wp-block-file\"><object data-wp-bind--hidden=\"!selectors.core.file.hasPdfPreview\" hidden class=\"wp-block-file__embed\" data=\"https:\/\/www.europedirect-lodz.pl\/wp-content\/uploads\/2024\/02\/Zalacznik-2-Zgloszenie-uczestnika-2.pdf\" type=\"application\/pdf\" style=\"width:100%;height:600px\" aria-label=\"Osadzone z Zalacznik-2-Zgloszenie-uczestnika-2.\"><\/object><a id=\"wp-block-file--media-fc8d49c7-3c8a-4577-953a-6e0861942a05\" href=\"https:\/\/www.europedirect-lodz.pl\/wp-content\/uploads\/2024\/02\/Zalacznik-2-Zgloszenie-uczestnika-2.pdf\">Zalacznik-2-Zgloszenie-uczestnika-2<\/a><a href=\"https:\/\/www.europedirect-lodz.pl\/wp-content\/uploads\/2024\/02\/Zalacznik-2-Zgloszenie-uczestnika-2.pdf\" class=\"wp-block-file__button wp-element-button\" download aria-describedby=\"wp-block-file--media-fc8d49c7-3c8a-4577-953a-6e0861942a05\">Pobierz<\/a><\/div>\n","protected":false},"excerpt":{"rendered":"<p>Zapraszamy 4-osobowe dru\u017cyny uczni\u00f3w szk\u00f3\u0142 ponadpodstawowych wraz z opiekunami do zg\u0142oszenia si\u0119 do udzia\u0142u w debacie oksfordzkiej &#8222;G\u0142osuj\u0119=decyduj\u0119&#8221;. Teza \u201eTw\u00f3j g\u0142os ma wp\u0142yw na przysz\u0142o\u015b\u0107 Unii Europejskiej\u201d. Termin 5 marca 2024, godzina 13.00. Miejsce Fabryka Aktywno\u015bci Miejskiej w \u0141odzi, ulica Tuwima 10. Nagroda &#8211; wizyta w Europa Experience w Warszawie. Poni\u017cej za\u0142\u0105czniki niezb\u0119dne do uzupe\u0142nienia [&hellip;]<\/p>\n","protected":false},"author":1,"featured_media":1631,"comment_status":"open","ping_status":"open","sticky":false,"template":"","format":"standard","meta":{"footnotes":""},"categories":[1],"tags":[],"_links":{"self":[{"href":"https:\/\/www.europedirect-lodz.pl\/index.php?rest_route=\/wp\/v2\/posts\/1630"}],"collection":[{"href":"https:\/\/www.europedirect-lodz.pl\/index.php?rest_route=\/wp\/v2\/posts"}],"about":[{"href":"https:\/\/www.europedirect-lodz.pl\/index.php?rest_route=\/wp\/v2\/types\/post"}],"author":[{"embeddable":true,"href":"https:\/\/www.europedirect-lodz.pl\/index.php?rest_route=\/wp\/v2\/users\/1"}],"replies":[{"embeddable":true,"href":"https:\/\/www.europedirect-lodz.pl\/index.php?rest_route=%2Fwp%2Fv2%2Fcomments&post=1630"}],"version-history":[{"count":2,"href":"https:\/\/www.europedirect-lodz.pl\/index.php?rest_route=\/wp\/v2\/posts\/1630\/revisions"}],"predecessor-version":[{"id":1643,"href":"https:\/\/www.europedirect-lodz.pl\/index.php?rest_route=\/wp\/v2\/posts\/1630\/revisions\/1643"}],"wp:featuredmedia":[{"embeddable":true,"href":"https:\/\/www.europedirect-lodz.pl\/index.php?rest_route=\/wp\/v2\/media\/1631"}],"wp:attachment":[{"href":"https:\/\/www.europedirect-lodz.pl\/index.php?rest_route=%2Fwp%2Fv2%2Fmedia&parent=1630"}],"wp:term":[{"taxonomy":"category","embeddable":true,"href":"https:\/\/www.europedirect-lodz.pl\/index.php?rest_route=%2Fwp%2Fv2%2Fcategories&post=1630"},{"taxonomy":"post_tag","embeddable":true,"href":"https:\/\/www.europedirect-lodz.pl\/index.php?rest_route=%2Fwp%2Fv2%2Ftags&post=1630"}],"curies":[{"name":"wp","href":"https:\/\/api.w.org\/{rel}","templated":true}]}}