{"id":309,"date":"2018-10-18T20:02:59","date_gmt":"2018-10-18T18:02:59","guid":{"rendered":"http:\/\/www.europedirect-lodz.pl\/?p=309"},"modified":"2018-10-16T20:04:55","modified_gmt":"2018-10-16T18:04:55","slug":"wyraz-opinie-na-temat-przyszlosci-europy","status":"publish","type":"post","link":"https:\/\/www.europedirect-lodz.pl\/?p=309","title":{"rendered":"Wyra\u017a opini\u0119 na temat przysz\u0142o\u015bci Europy"},"content":{"rendered":"<p>Zapraszamy wszystkich do konsultacji na temat przysz\u0142o\u015bci Europy!<\/p>\n<p>Swoje opinie na temat przysz\u0142o\u015bci Europy mo\u017cna przekazywa\u0107 online poprzez specjalny kwestionariusz opracowany przez Komisj\u0119 Europejsk\u0105:<\/p>\n<p><a href=\"https:\/\/ec.europa.eu\/consultation\/runner\/Future-of-Europe?surveylanguage=pl\">https:\/\/ec.europa.eu\/consultation\/runner\/Future-of-Europe?surveylanguage=pl<\/a><\/p>\n<p>Dyskusj\u0119 na temat konsultacji obywatelskich mo\u017cna \u015bledzi\u0107 w mediach spo\u0142eczno\u015bciowych ministerstwa pod znacznikiem: #DebataOEuropie<\/p>\n<p>&nbsp;<\/p>\n<p>&nbsp;<\/p>\n","protected":false},"excerpt":{"rendered":"<p>Zapraszamy wszystkich do konsultacji na temat przysz\u0142o\u015bci Europy! Swoje opinie na temat przysz\u0142o\u015bci Europy mo\u017cna przekazywa\u0107 online poprzez specjalny kwestionariusz opracowany przez Komisj\u0119 Europejsk\u0105: https:\/\/ec.europa.eu\/consultation\/runner\/Future-of-Europe?surveylanguage=pl Dyskusj\u0119 na temat konsultacji obywatelskich mo\u017cna \u015bledzi\u0107 w mediach spo\u0142eczno\u015bciowych ministerstwa pod znacznikiem: #DebataOEuropie &nbsp; &nbsp;<\/p>\n","protected":false},"author":1,"featured_media":0,"comment_status":"open","ping_status":"open","sticky":false,"template":"","format":"standard","meta":{"footnotes":""},"categories":[1],"tags":[],"_links":{"self":[{"href":"https:\/\/www.europedirect-lodz.pl\/index.php?rest_route=\/wp\/v2\/posts\/309"}],"collection":[{"href":"https:\/\/www.europedirect-lodz.pl\/index.php?rest_route=\/wp\/v2\/posts"}],"about":[{"href":"https:\/\/www.europedirect-lodz.pl\/index.php?rest_route=\/wp\/v2\/types\/post"}],"author":[{"embeddable":true,"href":"https:\/\/www.europedirect-lodz.pl\/index.php?rest_route=\/wp\/v2\/users\/1"}],"replies":[{"embeddable":true,"href":"https:\/\/www.europedirect-lodz.pl\/index.php?rest_route=%2Fwp%2Fv2%2Fcomments&post=309"}],"version-history":[{"count":1,"href":"https:\/\/www.europedirect-lodz.pl\/index.php?rest_route=\/wp\/v2\/posts\/309\/revisions"}],"predecessor-version":[{"id":310,"href":"https:\/\/www.europedirect-lodz.pl\/index.php?rest_route=\/wp\/v2\/posts\/309\/revisions\/310"}],"wp:attachment":[{"href":"https:\/\/www.europedirect-lodz.pl\/index.php?rest_route=%2Fwp%2Fv2%2Fmedia&parent=309"}],"wp:term":[{"taxonomy":"category","embeddable":true,"href":"https:\/\/www.europedirect-lodz.pl\/index.php?rest_route=%2Fwp%2Fv2%2Fcategories&post=309"},{"taxonomy":"post_tag","embeddable":true,"href":"https:\/\/www.europedirect-lodz.pl\/index.php?rest_route=%2Fwp%2Fv2%2Ftags&post=309"}],"curies":[{"name":"wp","href":"https:\/\/api.w.org\/{rel}","templated":true}]}}