{"id":326,"date":"2018-10-26T12:41:59","date_gmt":"2018-10-26T10:41:59","guid":{"rendered":"http:\/\/www.europedirect-lodz.pl\/?p=326"},"modified":"2021-01-25T11:00:34","modified_gmt":"2021-01-25T10:00:34","slug":"zamkniecie-biura-2-11-2018","status":"publish","type":"post","link":"https:\/\/www.europedirect-lodz.pl\/?p=326","title":{"rendered":"Zamkni\u0119cie biura 2.11.2018"},"content":{"rendered":"<p>Informujemy, \u017ce w dniu 2.11.2018 nasze biuro b\u0119dzie zamkni\u0119te.<\/p>\n<p>Obraz Ryan McGuire z Pixabay<\/p>\n","protected":false},"excerpt":{"rendered":"<p>Informujemy, \u017ce w dniu 2.11.2018 nasze biuro b\u0119dzie zamkni\u0119te. Obraz Ryan McGuire z Pixabay<\/p>\n","protected":false},"author":1,"featured_media":1015,"comment_status":"open","ping_status":"open","sticky":false,"template":"","format":"standard","meta":{"footnotes":""},"categories":[1],"tags":[],"_links":{"self":[{"href":"https:\/\/www.europedirect-lodz.pl\/index.php?rest_route=\/wp\/v2\/posts\/326"}],"collection":[{"href":"https:\/\/www.europedirect-lodz.pl\/index.php?rest_route=\/wp\/v2\/posts"}],"about":[{"href":"https:\/\/www.europedirect-lodz.pl\/index.php?rest_route=\/wp\/v2\/types\/post"}],"author":[{"embeddable":true,"href":"https:\/\/www.europedirect-lodz.pl\/index.php?rest_route=\/wp\/v2\/users\/1"}],"replies":[{"embeddable":true,"href":"https:\/\/www.europedirect-lodz.pl\/index.php?rest_route=%2Fwp%2Fv2%2Fcomments&post=326"}],"version-history":[{"count":2,"href":"https:\/\/www.europedirect-lodz.pl\/index.php?rest_route=\/wp\/v2\/posts\/326\/revisions"}],"predecessor-version":[{"id":1052,"href":"https:\/\/www.europedirect-lodz.pl\/index.php?rest_route=\/wp\/v2\/posts\/326\/revisions\/1052"}],"wp:featuredmedia":[{"embeddable":true,"href":"https:\/\/www.europedirect-lodz.pl\/index.php?rest_route=\/wp\/v2\/media\/1015"}],"wp:attachment":[{"href":"https:\/\/www.europedirect-lodz.pl\/index.php?rest_route=%2Fwp%2Fv2%2Fmedia&parent=326"}],"wp:term":[{"taxonomy":"category","embeddable":true,"href":"https:\/\/www.europedirect-lodz.pl\/index.php?rest_route=%2Fwp%2Fv2%2Fcategories&post=326"},{"taxonomy":"post_tag","embeddable":true,"href":"https:\/\/www.europedirect-lodz.pl\/index.php?rest_route=%2Fwp%2Fv2%2Ftags&post=326"}],"curies":[{"name":"wp","href":"https:\/\/api.w.org\/{rel}","templated":true}]}}