{"id":441,"date":"2018-10-31T16:07:29","date_gmt":"2018-10-31T15:07:29","guid":{"rendered":"http:\/\/www.europedirect-lodz.pl\/?p=441"},"modified":"2019-02-18T10:13:22","modified_gmt":"2019-02-18T09:13:22","slug":"miedzy-unia-europejska-a-regionem-bliskiego-wschodu-i-afryki-polnocnej-historia-relacji","status":"publish","type":"post","link":"https:\/\/www.europedirect-lodz.pl\/?p=441","title":{"rendered":"Mi\u0119dzy Uni\u0105 Europejsk\u0105 a regionem Bliskiego Wschodu i Afryki P\u00f3\u0142nocnej. Historia relacji"},"content":{"rendered":"<p><span style=\"display: inline !important; float: none; background-color: #ffffff; color: #181e1f; cursor: text; font-family: 'Open Sans',sans-serif; font-size: 14px; font-style: normal; font-variant: normal; font-weight: 400; letter-spacing: normal; orphans: 2; text-align: left; text-decoration: none; text-indent: 0px; text-transform: none; -webkit-text-stroke-width: 0px; white-space: normal; word-spacing: 0px;\">Zapraszamy do zapoznania si\u0119 z czwart\u0105 publikacj\u0105 z cyklu\u00a0<\/span><em>Biblioteka Europe Direct \u0141\u00f3d\u017a<\/em><span style=\"display: inline !important; float: none; background-color: #ffffff; color: #181e1f; cursor: text; font-family: 'Open Sans',sans-serif; font-size: 14px; font-style: normal; font-variant: normal; font-weight: 400; letter-spacing: normal; orphans: 2; text-align: left; text-decoration: none; text-indent: 0px; text-transform: none; -webkit-text-stroke-width: 0px; white-space: normal; word-spacing: 0px;\">. Tym razem mamy przyjemno\u015b\u0107 zaprezentowa\u0107 Wam tekst Pana Krzysztofa \u0141obodzi\u0144skiego pt. <em>Mi\u0119dzy Uni\u0105 Europejsk\u0105 a regionem Bliskiego Wschodu i Afryki P\u00f3\u0142nocnej. Historia relacji<\/em><\/span><span style=\"display: inline !important; float: none; background-color: #ffffff; color: #181e1f; cursor: text; font-family: 'Open Sans',sans-serif; font-size: 14px; font-style: normal; font-variant: normal; font-weight: 400; letter-spacing: normal; orphans: 2; text-align: left; text-decoration: none; text-indent: 0px; text-transform: none; -webkit-text-stroke-width: 0px; white-space: normal; word-spacing: 0px;\">.<\/span><\/p>\n<p><a href=\"https:\/\/www.europedirect-lodz.pl\/wp-content\/uploads\/2019\/02\/UE-region-BWAP-historia-relacji.pdf\">Mi\u0119dzy Uni\u0105 Europejsk\u0105 a regionem Bliskiego Wschodu i Afryki P\u00f3\u0142nocnej. Historia relacji<\/a><\/p>\n","protected":false},"excerpt":{"rendered":"<p>Zapraszamy do zapoznania si\u0119 z czwart\u0105 publikacj\u0105 z cyklu\u00a0Biblioteka Europe Direct \u0141\u00f3d\u017a. Tym razem mamy przyjemno\u015b\u0107 zaprezentowa\u0107 Wam tekst Pana Krzysztofa \u0141obodzi\u0144skiego pt. Mi\u0119dzy Uni\u0105 Europejsk\u0105 a regionem Bliskiego Wschodu i Afryki P\u00f3\u0142nocnej. Historia relacji. Mi\u0119dzy Uni\u0105 Europejsk\u0105 a regionem Bliskiego Wschodu i Afryki P\u00f3\u0142nocnej. Historia relacji<\/p>\n","protected":false},"author":1,"featured_media":0,"comment_status":"open","ping_status":"open","sticky":false,"template":"","format":"standard","meta":{"footnotes":""},"categories":[3],"tags":[],"_links":{"self":[{"href":"https:\/\/www.europedirect-lodz.pl\/index.php?rest_route=\/wp\/v2\/posts\/441"}],"collection":[{"href":"https:\/\/www.europedirect-lodz.pl\/index.php?rest_route=\/wp\/v2\/posts"}],"about":[{"href":"https:\/\/www.europedirect-lodz.pl\/index.php?rest_route=\/wp\/v2\/types\/post"}],"author":[{"embeddable":true,"href":"https:\/\/www.europedirect-lodz.pl\/index.php?rest_route=\/wp\/v2\/users\/1"}],"replies":[{"embeddable":true,"href":"https:\/\/www.europedirect-lodz.pl\/index.php?rest_route=%2Fwp%2Fv2%2Fcomments&post=441"}],"version-history":[{"count":1,"href":"https:\/\/www.europedirect-lodz.pl\/index.php?rest_route=\/wp\/v2\/posts\/441\/revisions"}],"predecessor-version":[{"id":443,"href":"https:\/\/www.europedirect-lodz.pl\/index.php?rest_route=\/wp\/v2\/posts\/441\/revisions\/443"}],"wp:attachment":[{"href":"https:\/\/www.europedirect-lodz.pl\/index.php?rest_route=%2Fwp%2Fv2%2Fmedia&parent=441"}],"wp:term":[{"taxonomy":"category","embeddable":true,"href":"https:\/\/www.europedirect-lodz.pl\/index.php?rest_route=%2Fwp%2Fv2%2Fcategories&post=441"},{"taxonomy":"post_tag","embeddable":true,"href":"https:\/\/www.europedirect-lodz.pl\/index.php?rest_route=%2Fwp%2Fv2%2Ftags&post=441"}],"curies":[{"name":"wp","href":"https:\/\/api.w.org\/{rel}","templated":true}]}}