{"id":653,"date":"2019-08-15T16:55:24","date_gmt":"2019-08-15T14:55:24","guid":{"rendered":"http:\/\/www.europedirect-lodz.pl\/?p=653"},"modified":"2019-10-08T17:00:06","modified_gmt":"2019-10-08T15:00:06","slug":"15-lat-polski-w-unii-europejskiej","status":"publish","type":"post","link":"https:\/\/www.europedirect-lodz.pl\/?p=653","title":{"rendered":"15 lat Polski w Unii Europejskiej"},"content":{"rendered":"<p>Zapraszamy do zapoznania si\u0119 z nasz\u0105 now\u0105 infografik\u0105 wspominaj\u0105c\u0105 15-lecie Polski w UE!<a href=\"https:\/\/www.europedirect-lodz.pl\/wp-content\/uploads\/2019\/10\/untitled-5c-20i_39763654.png\"><br \/>\n<img loading=\"lazy\" decoding=\"async\" class=\"aligncenter wp-image-632 size-large\" src=\"https:\/\/www.europedirect-lodz.pl\/wp-content\/uploads\/2019\/10\/untitled-5c-20i_39763654-272x1024.png\" alt=\"\" width=\"272\" height=\"1024\" srcset=\"https:\/\/www.europedirect-lodz.pl\/wp-content\/uploads\/2019\/10\/untitled-5c-20i_39763654-272x1024.png 272w, https:\/\/www.europedirect-lodz.pl\/wp-content\/uploads\/2019\/10\/untitled-5c-20i_39763654-133x500.png 133w, https:\/\/www.europedirect-lodz.pl\/wp-content\/uploads\/2019\/10\/untitled-5c-20i_39763654-768x2894.png 768w, https:\/\/www.europedirect-lodz.pl\/wp-content\/uploads\/2019\/10\/untitled-5c-20i_39763654.png 800w\" sizes=\"(max-width: 272px) 100vw, 272px\" \/><\/a><\/p>\n","protected":false},"excerpt":{"rendered":"<p>Zapraszamy do zapoznania si\u0119 z nasz\u0105 now\u0105 infografik\u0105 wspominaj\u0105c\u0105 15-lecie Polski w UE!<\/p>\n","protected":false},"author":1,"featured_media":632,"comment_status":"open","ping_status":"open","sticky":false,"template":"","format":"standard","meta":{"footnotes":""},"categories":[1,3],"tags":[],"_links":{"self":[{"href":"https:\/\/www.europedirect-lodz.pl\/index.php?rest_route=\/wp\/v2\/posts\/653"}],"collection":[{"href":"https:\/\/www.europedirect-lodz.pl\/index.php?rest_route=\/wp\/v2\/posts"}],"about":[{"href":"https:\/\/www.europedirect-lodz.pl\/index.php?rest_route=\/wp\/v2\/types\/post"}],"author":[{"embeddable":true,"href":"https:\/\/www.europedirect-lodz.pl\/index.php?rest_route=\/wp\/v2\/users\/1"}],"replies":[{"embeddable":true,"href":"https:\/\/www.europedirect-lodz.pl\/index.php?rest_route=%2Fwp%2Fv2%2Fcomments&post=653"}],"version-history":[{"count":1,"href":"https:\/\/www.europedirect-lodz.pl\/index.php?rest_route=\/wp\/v2\/posts\/653\/revisions"}],"predecessor-version":[{"id":654,"href":"https:\/\/www.europedirect-lodz.pl\/index.php?rest_route=\/wp\/v2\/posts\/653\/revisions\/654"}],"wp:featuredmedia":[{"embeddable":true,"href":"https:\/\/www.europedirect-lodz.pl\/index.php?rest_route=\/wp\/v2\/media\/632"}],"wp:attachment":[{"href":"https:\/\/www.europedirect-lodz.pl\/index.php?rest_route=%2Fwp%2Fv2%2Fmedia&parent=653"}],"wp:term":[{"taxonomy":"category","embeddable":true,"href":"https:\/\/www.europedirect-lodz.pl\/index.php?rest_route=%2Fwp%2Fv2%2Fcategories&post=653"},{"taxonomy":"post_tag","embeddable":true,"href":"https:\/\/www.europedirect-lodz.pl\/index.php?rest_route=%2Fwp%2Fv2%2Ftags&post=653"}],"curies":[{"name":"wp","href":"https:\/\/api.w.org\/{rel}","templated":true}]}}