{"id":777,"date":"2019-01-12T15:00:54","date_gmt":"2019-01-12T14:00:54","guid":{"rendered":"http:\/\/www.europedirect-lodz.pl\/?p=777"},"modified":"2020-03-12T15:05:02","modified_gmt":"2020-03-12T14:05:02","slug":"lekcje-europejskie-2","status":"publish","type":"post","link":"https:\/\/www.europedirect-lodz.pl\/?p=777","title":{"rendered":"Lekcje Europejskie"},"content":{"rendered":"<p>Zapraszamy wszystkie szko\u0142y z \u0141odzi i regionu do zg\u0142aszania si\u0119 na lekcje europejskie.<\/p>\n<p>Lekcje s\u0105 ca\u0142kowicie bezp\u0142atne. Mog\u0105 potrwa\u0107 45 lub 90 minut. W zale\u017cno\u015bci od Pa\u0144stwa potrzeb, mo\u017cemy poruszy\u0107 tematyk\u0119 powstania UE, warto\u015bci UE, instytucji unijnych lub dostosowa\u0107 si\u0119 do Pa\u0144stwa potrzeb i potrzeb grupy. Zapraszamy do kontaktu mailowego i telefonicznego, aby om\u00f3wi\u0107 szczeg\u00f3\u0142y.<\/p>\n<p>&nbsp;<\/p>\n","protected":false},"excerpt":{"rendered":"<p>Zapraszamy wszystkie szko\u0142y z \u0141odzi i regionu do zg\u0142aszania si\u0119 na lekcje europejskie. Lekcje s\u0105 ca\u0142kowicie bezp\u0142atne. Mog\u0105 potrwa\u0107 45 lub 90 minut. W zale\u017cno\u015bci od Pa\u0144stwa potrzeb, mo\u017cemy poruszy\u0107 tematyk\u0119 powstania UE, warto\u015bci UE, instytucji unijnych lub dostosowa\u0107 si\u0119 do Pa\u0144stwa potrzeb i potrzeb grupy. Zapraszamy do kontaktu mailowego i telefonicznego, aby om\u00f3wi\u0107 szczeg\u00f3\u0142y. [&hellip;]<\/p>\n","protected":false},"author":1,"featured_media":0,"comment_status":"open","ping_status":"open","sticky":false,"template":"","format":"standard","meta":{"footnotes":""},"categories":[1],"tags":[],"_links":{"self":[{"href":"https:\/\/www.europedirect-lodz.pl\/index.php?rest_route=\/wp\/v2\/posts\/777"}],"collection":[{"href":"https:\/\/www.europedirect-lodz.pl\/index.php?rest_route=\/wp\/v2\/posts"}],"about":[{"href":"https:\/\/www.europedirect-lodz.pl\/index.php?rest_route=\/wp\/v2\/types\/post"}],"author":[{"embeddable":true,"href":"https:\/\/www.europedirect-lodz.pl\/index.php?rest_route=\/wp\/v2\/users\/1"}],"replies":[{"embeddable":true,"href":"https:\/\/www.europedirect-lodz.pl\/index.php?rest_route=%2Fwp%2Fv2%2Fcomments&post=777"}],"version-history":[{"count":1,"href":"https:\/\/www.europedirect-lodz.pl\/index.php?rest_route=\/wp\/v2\/posts\/777\/revisions"}],"predecessor-version":[{"id":778,"href":"https:\/\/www.europedirect-lodz.pl\/index.php?rest_route=\/wp\/v2\/posts\/777\/revisions\/778"}],"wp:attachment":[{"href":"https:\/\/www.europedirect-lodz.pl\/index.php?rest_route=%2Fwp%2Fv2%2Fmedia&parent=777"}],"wp:term":[{"taxonomy":"category","embeddable":true,"href":"https:\/\/www.europedirect-lodz.pl\/index.php?rest_route=%2Fwp%2Fv2%2Fcategories&post=777"},{"taxonomy":"post_tag","embeddable":true,"href":"https:\/\/www.europedirect-lodz.pl\/index.php?rest_route=%2Fwp%2Fv2%2Ftags&post=777"}],"curies":[{"name":"wp","href":"https:\/\/api.w.org\/{rel}","templated":true}]}}